{"id":583,"date":"2019-09-18T16:08:45","date_gmt":"2019-09-18T15:08:45","guid":{"rendered":"https:\/\/www.armeniancouncil.com\/Europe\/\/?p=583"},"modified":"2020-11-05T00:31:22","modified_gmt":"2020-11-04T23:31:22","slug":"garo-paylan-present-pour-la-diffusion-du-film-red-le-vendredi-20-septembre-a-alfortville","status":"publish","type":"post","link":"https:\/\/www.armeniancouncil.com\/Europe\/garo-paylan-present-pour-la-diffusion-du-film-red-le-vendredi-20-septembre-a-alfortville\/","title":{"rendered":"Garo Paylan PRESENT pour la diffusion du film \u00ab RED \u00bb le VENDREDI 20 SEPTEMBRE \u00e0 Alfortville"},"content":{"rendered":"<div dir=\"ltr\">\n<div dir=\"ltr\">\n<p>Garo Paylan sera bien pr\u00e9sent pour la diffusion du film \u00ab\u00a0RED\u00a0\u00bb.<br \/>\nL&rsquo;Armenian Council of Europe remercie Garo Paylan qui tient \u00e0 soutenir le film de Kadir Akin&nbsp;par sa pr\u00e9sence, malgr\u00e9 une situation politique tr\u00e8s instable en Turquie qui sera bien \u00e9videment \u00e9voqu\u00e9e au cours de la soir\u00e9e.<\/p>\n<p>&nbsp;<\/p>\n<p><a href=\"https:\/\/www.armeniancouncil.com\/Europe\/\/wp-content\/uploads\/2019\/09\/933864.jpg\"><img loading=\"lazy\" class=\"alignleft size-full wp-image-592\" alt=\"933864\" src=\"https:\/\/www.armeniancouncil.com\/Europe\/\/wp-content\/uploads\/2019\/09\/933864.jpg\" width=\"720\" height=\"417\" srcset=\"https:\/\/www.armeniancouncil.com\/Europe\/wp-content\/uploads\/2019\/09\/933864.jpg 720w, https:\/\/www.armeniancouncil.com\/Europe\/wp-content\/uploads\/2019\/09\/933864-300x173.jpg 300w\" sizes=\"(max-width: 720px) 100vw, 720px\" \/><\/a><\/p>\n<p>&nbsp;<br \/>\nPROJECTION DU FILM-DOCUMENTAIRE<\/p>\n<p>\u00ab\u00a0RED\u00a0\u00bb<\/p>\n<p>de&nbsp;KADIR AKIN<\/p>\n<p>en pr\u00e9sence des d\u00e9put\u00e9s<\/p>\n<p><b>GARO PAYLAN<\/b><b>,&nbsp;d\u00e9put\u00e9 turc d&rsquo;origine&nbsp;arm\u00e9nienne<\/b><\/p>\n<p><b>LUC CARVOUNAS<\/b><b>, d\u00e9put\u00e9 du Val-de Marne&nbsp;<\/b><\/p>\n<p><b>VENDREDI 20 SEPTEMBRE 2019 \u00e0 20h30<\/b><\/p>\n<p><b>salle des convivialit\u00e9s du P\u00f4le Culturel d&rsquo;Alfortville<br \/>\n82 Rue Marcel Bourdarias<\/b><\/p>\n<p>Entr\u00e9e gratuite et inscription obligatoire<\/p>\n<p>06.64.46.15.93&nbsp;ou&nbsp;07.77.72.02.2<\/p>\n<p>&nbsp;<\/p>\n<\/div>\n<div dir=\"ltr\"><a href=\"https:\/\/www.armeniancouncil.com\/Europe\/\/wp-content\/uploads\/2019\/08\/Affiche-RED.jpg\"><img loading=\"lazy\" class=\"alignleft size-full wp-image-568\" alt=\"Affiche RED\" src=\"https:\/\/www.armeniancouncil.com\/Europe\/\/wp-content\/uploads\/2019\/08\/Affiche-RED.jpg\" width=\"1228\" height=\"1777\" srcset=\"https:\/\/www.armeniancouncil.com\/Europe\/wp-content\/uploads\/2019\/08\/Affiche-RED.jpg 1228w, https:\/\/www.armeniancouncil.com\/Europe\/wp-content\/uploads\/2019\/08\/Affiche-RED-207x300.jpg 207w, https:\/\/www.armeniancouncil.com\/Europe\/wp-content\/uploads\/2019\/08\/Affiche-RED-707x1024.jpg 707w\" sizes=\"(max-width: 1228px) 100vw, 1228px\" \/><\/a><\/div>\n<\/div>\n","protected":false},"excerpt":{"rendered":"<div class=\"mh-excerpt\"><p>Garo Paylan sera bien pr\u00e9sent pour la diffusion du film \u00ab\u00a0RED\u00a0\u00bb. L&rsquo;Armenian Council of Europe remercie Garo Paylan qui tient \u00e0 soutenir le film de Kadir Akin&nbsp;par sa pr\u00e9sence, malgr\u00e9 une situation <a class=\"mh-excerpt-more\" href=\"https:\/\/www.armeniancouncil.com\/Europe\/garo-paylan-present-pour-la-diffusion-du-film-red-le-vendredi-20-septembre-a-alfortville\/\" title=\"Garo Paylan PRESENT pour la diffusion du film \u00ab RED \u00bb le VENDREDI 20 SEPTEMBRE \u00e0 Alfortville\">[&#8230;]<\/a><\/p>\n<\/div>","protected":false},"author":1,"featured_media":592,"comment_status":"open","ping_status":"closed","sticky":true,"template":"","format":"standard","meta":[],"categories":[1],"tags":[],"_links":{"self":[{"href":"https:\/\/www.armeniancouncil.com\/Europe\/wp-json\/wp\/v2\/posts\/583"}],"collection":[{"href":"https:\/\/www.armeniancouncil.com\/Europe\/wp-json\/wp\/v2\/posts"}],"about":[{"href":"https:\/\/www.armeniancouncil.com\/Europe\/wp-json\/wp\/v2\/types\/post"}],"author":[{"embeddable":true,"href":"https:\/\/www.armeniancouncil.com\/Europe\/wp-json\/wp\/v2\/users\/1"}],"replies":[{"embeddable":true,"href":"https:\/\/www.armeniancouncil.com\/Europe\/wp-json\/wp\/v2\/comments?post=583"}],"version-history":[{"count":11,"href":"https:\/\/www.armeniancouncil.com\/Europe\/wp-json\/wp\/v2\/posts\/583\/revisions"}],"predecessor-version":[{"id":1097,"href":"https:\/\/www.armeniancouncil.com\/Europe\/wp-json\/wp\/v2\/posts\/583\/revisions\/1097"}],"wp:featuredmedia":[{"embeddable":true,"href":"https:\/\/www.armeniancouncil.com\/Europe\/wp-json\/wp\/v2\/media\/592"}],"wp:attachment":[{"href":"https:\/\/www.armeniancouncil.com\/Europe\/wp-json\/wp\/v2\/media?parent=583"}],"wp:term":[{"taxonomy":"category","embeddable":true,"href":"https:\/\/www.armeniancouncil.com\/Europe\/wp-json\/wp\/v2\/categories?post=583"},{"taxonomy":"post_tag","embeddable":true,"href":"https:\/\/www.armeniancouncil.com\/Europe\/wp-json\/wp\/v2\/tags?post=583"}],"curies":[{"name":"wp","href":"https:\/\/api.w.org\/{rel}","templated":true}]}}