{"id":111,"date":"2013-04-08T11:50:26","date_gmt":"2013-04-08T10:50:26","guid":{"rendered":"https:\/\/www.armeniancouncil.com\/Europe\/\/?p=111"},"modified":"2020-11-05T00:50:43","modified_gmt":"2020-11-04T23:50:43","slug":"conference-avec-ayse-gunaysu-representante-de-lassociation-des-droits-de-lhomme-a-istanbul","status":"publish","type":"post","link":"https:\/\/www.armeniancouncil.com\/Europe\/conference-avec-ayse-gunaysu-representante-de-lassociation-des-droits-de-lhomme-a-istanbul\/","title":{"rendered":"Conf\u00e9rence avec Ayse Gunaysu et Ara Sarafian: Repr\u00e9sentante de l&rsquo;Association des Droits de l&rsquo;Homme \u00e0 Istanbul"},"content":{"rendered":"<h4 style=\"text-align: justify;\">Le 27 avril 2012 L&rsquo;Armenian Council of Europe a invit\u00e9 Ayse Gunaysu, repr\u00e9sentante de l&rsquo;Association des Droits de l&rsquo;homme \u00e0 Istanbul, et Ara Sarafian, historien, Pr\u00e9sident de l&rsquo;Institut Komitas \u00e0 Londres, pour une Conf\u00e9rence:<\/h4>\n<h4 style=\"text-align: justify;\">\u00ab&nbsp;Arm\u00e9nie-Turquie 1915-2015: La Soci\u00e9t\u00e9 Civile Turque et la Diaspora Arm\u00e9nienne devant la question de la reconnaissance du G\u00e9nocide&nbsp;\u00bb<\/h4>\n<p><a href=\"https:\/\/www.armeniancouncil.com\/Europe\/\/wp-content\/uploads\/2013\/04\/conference-27-avril-20121.jpg\"><img loading=\"lazy\" class=\"aligncenter size-full wp-image-122\" title=\"Conference 27-avril-2012 avec Ayse Gunaysu: Repr\u00e9sentante de l'Association des Droits de l'Homme \u00e0 Istanbul\" alt=\"Conf\u00e9rence 27 avril 2012\" src=\"https:\/\/www.armeniancouncil.com\/Europe\/\/wp-content\/uploads\/2013\/04\/conference-27-avril-20121.jpg\" width=\"400\" height=\"266\" srcset=\"https:\/\/www.armeniancouncil.com\/Europe\/wp-content\/uploads\/2013\/04\/conference-27-avril-20121.jpg 400w, https:\/\/www.armeniancouncil.com\/Europe\/wp-content\/uploads\/2013\/04\/conference-27-avril-20121-300x199.jpg 300w\" sizes=\"(max-width: 400px) 100vw, 400px\" \/><\/a><\/p>\n<p style=\"text-align: center;\"><a href=\"https:\/\/www.armeniancouncil.com\/Europe\/\/wp-content\/uploads\/2013\/04\/ayse-gunaysu-27-avril-2012-21.jpg\"><img loading=\"lazy\" class=\"size-medium wp-image-123 aligncenter\" title=\"Ayse Gunaysu 27 avril 2012\" alt=\"\" src=\"https:\/\/www.armeniancouncil.com\/Europe\/\/wp-content\/uploads\/2013\/04\/ayse-gunaysu-27-avril-2012-21-300x199.jpg\" width=\"300\" height=\"199\" srcset=\"https:\/\/www.armeniancouncil.com\/Europe\/wp-content\/uploads\/2013\/04\/ayse-gunaysu-27-avril-2012-21-300x199.jpg 300w, https:\/\/www.armeniancouncil.com\/Europe\/wp-content\/uploads\/2013\/04\/ayse-gunaysu-27-avril-2012-21.jpg 400w\" sizes=\"(max-width: 300px) 100vw, 300px\" \/><\/a><\/p>\n<p style=\"text-align: center;\"><a href=\"https:\/\/www.armeniancouncil.com\/Europe\/\/wp-content\/uploads\/2013\/04\/Ara-Sarafian.png\"><img loading=\"lazy\" class=\" wp-image-254 aligncenter\" alt=\"Ara Sarafian\" src=\"https:\/\/www.armeniancouncil.com\/Europe\/\/wp-content\/uploads\/2013\/04\/Ara-Sarafian.png\" width=\"312\" height=\"208\" srcset=\"https:\/\/www.armeniancouncil.com\/Europe\/wp-content\/uploads\/2013\/04\/Ara-Sarafian.png 400w, https:\/\/www.armeniancouncil.com\/Europe\/wp-content\/uploads\/2013\/04\/Ara-Sarafian-300x199.png 300w\" sizes=\"(max-width: 312px) 100vw, 312px\" \/><\/a><\/p>\n<p><a href=\"https:\/\/www.armeniancouncil.com\/Europe\/\/wp-content\/uploads\/2013\/04\/conference-27-avril-2012-2.jpg\"><img loading=\"lazy\" class=\"size-medium wp-image-115 aligncenter\" title=\"conference-27-avril-2012\" alt=\"\" src=\"https:\/\/www.armeniancouncil.com\/Europe\/\/wp-content\/uploads\/2013\/04\/conference-27-avril-2012-2-300x199.jpg\" width=\"300\" height=\"199\" srcset=\"https:\/\/www.armeniancouncil.com\/Europe\/wp-content\/uploads\/2013\/04\/conference-27-avril-2012-2-300x199.jpg 300w, https:\/\/www.armeniancouncil.com\/Europe\/wp-content\/uploads\/2013\/04\/conference-27-avril-2012-2.jpg 400w\" sizes=\"(max-width: 300px) 100vw, 300px\" \/><\/a><\/p>\n<p><a href=\"https:\/\/www.armeniancouncil.com\/Europe\/\/wp-content\/uploads\/2013\/04\/conference-27-avril-2012-3.jpg\"><img loading=\"lazy\" class=\"size-medium wp-image-116 aligncenter\" title=\"conference-27-avril-2012\" alt=\"\" src=\"https:\/\/www.armeniancouncil.com\/Europe\/\/wp-content\/uploads\/2013\/04\/conference-27-avril-2012-3-300x199.jpg\" width=\"300\" height=\"199\" srcset=\"https:\/\/www.armeniancouncil.com\/Europe\/wp-content\/uploads\/2013\/04\/conference-27-avril-2012-3-300x199.jpg 300w, https:\/\/www.armeniancouncil.com\/Europe\/wp-content\/uploads\/2013\/04\/conference-27-avril-2012-3.jpg 400w\" sizes=\"(max-width: 300px) 100vw, 300px\" \/><\/a><\/p>\n<p style=\"text-align: justify;\"><strong>Ci-dessous, la reproduction de l&rsquo;Interview d&rsquo;Ayse Gunaysu parue dans le num\u00e9ro du mois de Juin 2012 (n\u00b0186):<\/strong><\/p>\n<p style=\"text-align: justify;\"><strong> La diaspora arm\u00e9nienne est admirative dans votre combat pour les Droits de l&rsquo;Homme et des minorit\u00e9s en Turquie et salue votre courage. Pouvez-vous nous dire quand votre investissement dans cette cause a pu \u00eatre possible? <\/strong><\/p>\n<p style=\"text-align: justify;\">Merci beaucoup. Mais ce que nous faisons et disons ne m\u00e9rite pas vraiment l&rsquo;admiration, parce que c&rsquo;est ce que les gens d\u00e9cents et honn\u00eates devraient faire et dire. Toutefois, en raison du n\u00e9gationnisme profond\u00e9ment enracin\u00e9 en Turquie, une chose tr\u00e8s normale comme demander la reconnaissance et la r\u00e9paration du g\u00e9nocide peut sembler extraordinaire C&rsquo;est ce qui me rend triste et je me sens g\u00ean\u00e9e quand les gens nous remercient pour ce que nous faisons. Mais votre appr\u00e9ciation est bien s\u00fbr tr\u00e8s pr\u00e9cieuse pour nous et tr\u00e8s encourageante, inspiratrice. Je vous remercie une nouvelle fois.<\/p>\n<p style=\"text-align: justify;\">De quand date mon engagement pour la v\u00e9rit\u00e9 sur l&rsquo;histoire arm\u00e9nienne de la Turquie? C&rsquo;\u00e9tait le d\u00e9but des ann\u00e9es 1990. A cette p\u00e9riode, le niveau des violations des Droits de l&rsquo;Homme contre les Kurdes \u00e9tait \u00e0 son apog\u00e9e. 3000 villages ont \u00e9t\u00e9 \u00e9vacu\u00e9s et br\u00fbl\u00e9s, laissant 3 millions de Kurdes sans-abri. Il y avait des meurtres non r\u00e9solus par le Gladio turc, des gens ont \u00e9t\u00e9 arr\u00eat\u00e9s et ont ensuite disparus. Des assassinats ont \u00e9t\u00e9 organis\u00e9s \u00e0 l&rsquo;encontre d&rsquo;\u00e9minents d\u00e9fenseurs des Droits de l&rsquo;Homme. Nous, une poign\u00e9e de femmes ayant un socle socialiste\/communiste, avons mis en place une initiative civile appel\u00e9e \u00ab Touche pas \u00e0 mon pote&nbsp;\u00bb &#8211; empruntant le nom d&rsquo;un mouvement similaire en France &#8211; en solidarit\u00e9 avec les Kurdes. Soutenir les droits des Kurdes et protester contre les violations des Droits de l&rsquo;Homme ont ouvert la voie \u00e0 une rupture d\u00e9cisive de l&rsquo;histoire officielle et \u00e0 un processus d&rsquo;apprentissage de la v\u00e9rit\u00e9. Nous avons donc pris conscience d&rsquo;injustices encore plus grandes faites aux personnes non-musulmanes de ce pays, le g\u00e9nocide des Arm\u00e9niens, le g\u00e9nocide des Assyriens et des Grecs dans l&rsquo;Empire ottoman.<\/p>\n<p style=\"text-align: justify;\">Nous avons ensuite mis en place le \u00abMinority Rights Watch Committee&nbsp;\u00bb au sein du bureau d&rsquo;Istanbul de l&rsquo;Association des Droits de l&rsquo;Homme en Turquie, documentant les violations des droits des minorit\u00e9s et organisant des \u00e9v\u00e9nements \u00e0 cette fin. Le journal Agos ainsi que les livres de la maison d&rsquo;\u00e9dition Belge ont intensifi\u00e9 ce processus d&rsquo;apprentissage et de recherche sur le g\u00e9nocide des Arm\u00e9niens. Le groupe a ensuite chang\u00e9 de nom pour devenir le \u00ab Comit\u00e9 contre le racisme et la discrimination&nbsp;\u00bb.<\/p>\n<p style=\"text-align: justify;\"><strong> Quel est votre sentiment quant \u00e0 l&rsquo;inculpation de Ragip Zarakolu? Quels sont les chefs d&rsquo;inculpation exacts?<\/strong><\/p>\n<p style=\"text-align: justify;\">Ragip Zarakolu est accus\u00e9 de soutenir une organisation ill\u00e9gale kurde qui est soup\u00e7onn\u00e9e d&rsquo;\u00eatre le prolongement du PKK \u2013 une organisation arm\u00e9e kurde. Ils ont utilis\u00e9 la conf\u00e9rence qu&rsquo;il avait donn\u00e9e pr\u00e9c\u00e9demment \u00e0 l&rsquo;Acad\u00e9mie politique du BDP &#8211; un parti kurde &#8211; comme preuve. C&rsquo;\u00e9tait tout \u00e0 fait ridicule, et je crois qu&rsquo;ils le savaient aussi. Je crois personnellement que la publication de livres depuis des ann\u00e9es sur le g\u00e9nocide des Arm\u00e9niens et d&rsquo;autres processus g\u00e9nocidaires dans ce pays a jou\u00e9 un r\u00f4le plus important dans son arrestation et les poursuites que ses relations avec l&rsquo;Acad\u00e9mie politique du BDP.<\/p>\n<p style=\"text-align: justify;\"><strong>Concernant les intellectuels et les journalistes, pensez-vous que la situation devrait \u00e9voluer positivement?<\/strong><\/p>\n<p style=\"text-align: justify;\">Non, je ne suis pas optimiste du tout. Ce n&rsquo;est pas uniquement parce que je suis d\u00e9sesp\u00e9r\u00e9e du gouvernement. C&rsquo;est aussi parce que je suis d\u00e9sesp\u00e9r\u00e9e de la soci\u00e9t\u00e9 turque &#8211; dans le court et moyen terme. C&rsquo;est parce que, mis \u00e0 part une poign\u00e9e de personnes, la soci\u00e9t\u00e9 turque dans son ensemble ne demande pas instamment au gouvernement turc une vraie d\u00e9mocratie et une r\u00e9elle justice pour tous, parce que le nationalisme est l&rsquo;id\u00e9ologie la plus puissante au sein d&rsquo;une grande vari\u00e9t\u00e9 de tendances politiques en Turquie et le n\u00e9gationnisme est l&rsquo;outil le plus puissant pour maintenir le nationalisme. Le nationalisme, dans toutes ses diff\u00e9rentes tonalit\u00e9s en passant du nationalisme ouvert et vulgaire \u00e0 un nationalisme plus raffin\u00e9e et subtile, est un parapluie couvrant presque tous les facteurs et les \u00e9l\u00e9ments politiques de la Turquie. Il est le d\u00e9nominateur commun du parti au pouvoir et de l&rsquo;opposition. Donc, aussi longtemps que le nationalisme reste le sentiment dominant en Turquie, aucun gouvernement ne prendra de quelconque mesure pour une plus grande libert\u00e9 d&rsquo;expression dans ce qui repr\u00e9sente les deux principaux tabous en Turquie: les questions kurde et arm\u00e9nienne.<\/p>\n<p style=\"text-align: justify;\">Le nationalisme g\u00e9n\u00e9ralis\u00e9 et profond\u00e9ment enracin\u00e9 est tr\u00e8s favorable pour les dirigeants de la Turquie &#8211; \u00e0 l&rsquo;heure actuelle et dans un avenir pr\u00e9visible \u2013 parce que l&rsquo;effondrement des arguments officiels en ce qui concerne le g\u00e9nocide des Arm\u00e9niens et la question kurde signifierait l&rsquo;effondrement des fondements id\u00e9ologiques de la R\u00e9publique turque.<\/p>\n<p style=\"text-align: justify;\"><strong>Est-ce que les pressions internationales sur le gouvernement turc jouent un r\u00f4le dans votre combat?<\/strong><\/p>\n<p style=\"text-align: justify;\">Oui, je crois que, malgr\u00e9 tous les arguments qui affirment le contraire, la pression internationale de l&rsquo;Union Europ\u00e9enne et de diverses organisations civiles sur la Turquie pour plus de d\u00e9mocratie, pour une plus grande libert\u00e9 d&rsquo;expression et pour une meilleure situation des droits humains nous aide, nous les militants des Droits de l&rsquo;Homme et tous ceux qui luttent pour la v\u00e9rit\u00e9. De nombreux intellectuels turcs affirment que de telles pressions attisent le nationalisme turc. Cet argument n&rsquo;est que partiellement vrai. Oui, elles alimentent le nationalisme turc, mais tout peut alimenter le nationalisme turc. La soci\u00e9t\u00e9 turque est paradoxalement tr\u00e8s sensible \u00e0 l&rsquo;image du pays \u00e0 l&rsquo;\u00e9tranger. Vous pouvez voir cela dans les m\u00e9dias \u00e0 chaque occasion. Tant et si bien que les discours de haine raciste ou les manifestations et actes racistes sont d\u00e9nonc\u00e9s par de nombreux leaders d&rsquo;opinion simplement parce qu&rsquo;ils pensent que ce serait \u00ab\u00a0nuire \u00e0 notre image\u00a0\u00bb, non pas parce que le racisme est un crime contre l&rsquo;humanit\u00e9!<\/p>\n<p style=\"text-align: justify;\"><strong>Selon vous, la population kurde est en attente de quoi exactement?<\/strong><\/p>\n<p style=\"text-align: justify;\">La Population kurde n&rsquo;est pas monolithique. Il y a, tout comme d&rsquo;autres peuples, des attentes et des demandes diverses parmi la population. Le principal mouvement politique des Kurdes, le BDP (Parti de la Paix et de la D\u00e9mocratie), demande \u00ab l&rsquo;autonomie r\u00e9gionale&nbsp;\u00bb. Certains intellectuels kurdes ne soutiennent pas cette revendication. Cependant, il y a certaines attentes communes de la part de tous les Kurdes: \u00eatre trait\u00e9s comme des citoyens \u00e9gaux, avoir des garanties solides que \u00e0 la fois le gouvernement et la majorit\u00e9 turque de la soci\u00e9t\u00e9 respectent leur dignit\u00e9 nationale, la reconnaissance de la langue kurde comme l&rsquo;une des langues nationales du pays et l&rsquo;introduction de l&rsquo;enseignement public en kurde. D&rsquo;autre part les sections politiques actives de Kurdes sont tr\u00e8s passionn\u00e9es par le sort d&rsquo;Abdullah Ocalan, le leader du PKK. Ils exigent la libert\u00e9 d&rsquo;Ocalan, l&rsquo;arr\u00eat de son isolement total, et qu&rsquo;il soit d\u00e9sormais soumis au moins \u00e0 une \u00ab\u00a0d\u00e9tention \u00e0 domicile\u00bb.<\/p>\n<p style=\"text-align: justify;\"><strong>Vous avez dit qu&rsquo;il y a peu de temps que vous avez pris connaissance de la r\u00e9alit\u00e9 du g\u00e9nocide des Arm\u00e9niens. Pouvez-vous nous \u00e9clairer sur la date de cette prise de conscience?<\/strong><\/p>\n<p style=\"text-align: justify;\">Ce n&rsquo;est pas si r\u00e9cent que cela. Je lis et j&rsquo;\u00e9cris sur le g\u00e9nocide des Arm\u00e9nien depuis 20 ans d\u00e9j\u00e0. Lors de ma r\u00e9cente conf\u00e9rence \u00e0 Paris, \u00e0 l&rsquo;initiative de l&rsquo;Armenian Council of Europe et Sourp Khatch Tebrevank, et ailleurs dans mes articles, je dis que \u00ab nous sommes en retard dans l&rsquo;apprentissage de la v\u00e9rit\u00e9 \u00bb. Pas \u00ab r\u00e9cemment \u00bb, mais \u00ab en retard \u00bb, ce n&rsquo;est pas pareil. Comme expliqu\u00e9 dans ma r\u00e9ponse \u00e0 votre premi\u00e8re question, c&rsquo;\u00e9tait au d\u00e9but des ann\u00e9es 1990 quand mes coll\u00e8gues et moi avons commenc\u00e9 \u00e0 en apprendre davantage sur l&rsquo;histoire des non-musulmans dans ce pays.<\/p>\n<p style=\"text-align: justify;\"><strong>Diriez-vous que les Arm\u00e9niens turcs sont inqui\u00e9t\u00e9s s&rsquo;ils \u00e9voquent le g\u00e9nocide?<\/strong><\/p>\n<p style=\"text-align: justify;\">Les Arm\u00e9niens en Turquie vivent dans un environnement de n\u00e9gationnisme vulgaire, qui est une violation des droits fondamentaux humains et qui pr\u00e9vaut dans toutes les sph\u00e8res de la vie&nbsp;: l&rsquo;\u00e9ducation, les affaires, la vie sociale\u2026etc.<\/p>\n<p style=\"text-align: justify;\">Ceci est en soi une menace pour eux. Donc, il y a toujours un risque pour les Arm\u00e9niens de Turquie s&rsquo;ils formulent toute demande pour leur communaut\u00e9. M\u00eame s&rsquo;ils ne le font pas, une soci\u00e9t\u00e9 n\u00e9gationniste est une menace pour tous les Arm\u00e9niens. L&rsquo;assassinat de Sevag Sahin Balikci l&rsquo;an dernier, le 24 Avril, alors qu&rsquo;il faisait son service militaire en est la preuve tangible. Le n\u00e9gationnisme signifie la poursuite d&rsquo;une atmosph\u00e8re g\u00e9nocidaire. Par cons\u00e9quent, les efforts pour la reconnaissance du g\u00e9nocide des Arm\u00e9niens rel\u00e8vent de la responsabilit\u00e9 de la partie turque de la soci\u00e9t\u00e9. Oui, toute demande de reconnaissance du g\u00e9nocide des Arm\u00e9niens exprim\u00e9e par un Arm\u00e9nien de Turquie augmenterait le risque auquel sont d\u00e9j\u00e0 confront\u00e9s les Arm\u00e9niens de Turquie.<\/p>\n<p style=\"text-align: justify;\"><strong> Et vous-m\u00eame, avez-vous \u00e9t\u00e9 inqui\u00e9t\u00e9e par les autorit\u00e9s turques? Avez-vous peur des ultra-nationalistes?<\/strong><\/p>\n<p style=\"text-align: justify;\">Je suis un peu plus visible dans la sph\u00e8re publique depuis ces deux derni\u00e8res ann\u00e9es avec mes articles publi\u00e9s dans le magazine Armenian Weekly \u00e0 Boston, Etats-Unis, et aussi depuis ma visite \u00e0 Los Angeles o\u00f9 j&rsquo;ai prononc\u00e9 un discours \u00e0 une conf\u00e9rence organis\u00e9e par le Comit\u00e9 National Arm\u00e9nien. Mais jusqu&rsquo;\u00e0 pr\u00e9sent, aucune action en justice n&rsquo;est intent\u00e9e contre moi et je n&rsquo;ai pas \u00e9t\u00e9 harcel\u00e9e par les autorit\u00e9s officielles. Comme vous pouvez l&rsquo;imaginer, je ne suis harcel\u00e9e que par des individus sur Internet.<\/p>\n<p style=\"text-align: justify;\">Dans les ann\u00e9es 90 et au d\u00e9but des ann\u00e9es 2000, j&rsquo;ai eu ma part de menaces \u00e0 cause de mon militantisme pour les Droits de l&rsquo;Homme. Par exemple, j&rsquo;ai \u00e9t\u00e9 mis en garde \u00e0 vue plusieurs fois avec d&rsquo;autres militants par la police au cours des \u00ab\u00a0Sit-in du samedi\u00a0\u00bb \u00e0 Istanbul pour protester contre les personnes port\u00e9es disparues apr\u00e8s leur garde \u00e0 vue. Autre exemple, une enqu\u00eate judiciaire a \u00e9t\u00e9 lanc\u00e9e par le minist\u00e8re public pour insulte \u00e0 \u00ab\u00a0l&rsquo;identit\u00e9 turque\u00a0\u00bb dans l&rsquo;un de mes articles publi\u00e9 par le journal kurde \u00ab&nbsp;Ozgur Gundem&nbsp;\u00bb.<\/p>\n<p style=\"text-align: justify;\">Mais personnellement, je ne suis pas pour le moment harcel\u00e9e par les autorit\u00e9s officielles ou poursuivie par les autorit\u00e9s judiciaires pour mon travail en lien avec le g\u00e9nocide des Arm\u00e9niens.<\/p>\n<p style=\"text-align: justify;\">Cependant, oui, je crains les ultranationalistes. Les autorit\u00e9s officielles font plut\u00f4t tr\u00e8s attention \u00e0 ne pas donner de signal directement mena\u00e7ant contre ceux qui sont impliqu\u00e9s dans la \u201cquestion arm\u00e9nienne\u201d comme on dit ici en Turquie. Cela est vrai surtout apr\u00e8s l&rsquo;assassinat de Hrant Dink. Mais les autorit\u00e9s officielles jouent un r\u00f4le r\u00e9pressif, je veux dire que leur objectif est atteint par l&rsquo;interm\u00e9diaire de la soi-disant \u00absoci\u00e9t\u00e9 civile\u00bb, comme ce fut le cas r\u00e9cemment avec le \u201cKhodjali rallye\u201d \u00e0 Istanbul, et par l&rsquo;interm\u00e9diaire des individus de la vie \u00ab civile \u00bb comme ce fut le cas avec l&rsquo;assassinat de Hrant Dink et le massacre de Malatya, o\u00f9 3 missionnaires protestants ont \u00e9t\u00e9 tortur\u00e9s \u00e0 mort en 2007. Ceux au pouvoir encouragent cela par leur politique nationaliste et anti-minorit\u00e9 qu&rsquo;ils poursuivent, par le langage discriminatoire qu&rsquo;ils utilisent, par la tol\u00e9rance du syst\u00e8me l\u00e9gal et juridique envers la propagande haineuse et les crimes haineux, par les manuels scolaires\u2026etc. Et le plus important, ce que nous appelons \u00ab l&rsquo;Etat profond&nbsp;\u00bb, en d&rsquo;autres termes les services secrets et les unit\u00e9s sp\u00e9ciales de l&rsquo;arm\u00e9e au sein de l&rsquo;appareil d&rsquo;Etat qui n&rsquo;ont de compte \u00e0 rendre \u00e0 personne sur leurs faits et gestes, n&rsquo;est pas encore aboli, ils ont encore des liens \u00e9troits avec les \u00e9l\u00e9ments ultranationalistes, de sorte qu&rsquo;ils agissent encore, ce qui constitue une menace pour nous tous.<\/p>\n<p style=\"text-align: justify;\"><strong>Vous a-t-on pos\u00e9 des conditions pour organiser la comm\u00e9moration du 24 avril ?<\/strong><\/p>\n<p style=\"text-align: justify;\">Non, personne, aucune autorit\u00e9 publique n&rsquo;a interf\u00e9r\u00e9 dans nos pr\u00e9paratifs et dans la comm\u00e9moration elle-m\u00eame. Nous \u00e9tions totalement libres de planifier et de r\u00e9aliser notre comm\u00e9moration.<\/p>\n<p style=\"text-align: justify;\"><strong>Selon-vous et de ce que vous savez des arcanes de la politique turque, pensez-vous que les autorit\u00e9s sont parfaitement instruites du g\u00e9nocide des Arm\u00e9niens et que leur n\u00e9gationnisme n&rsquo;est qu&rsquo;une posture?<\/strong><\/p>\n<p style=\"text-align: justify;\">Non, pas du tout. En dehors de pseudo-historiens n\u00e9gationnistes, les d\u00e9cideurs turcs ne connaissent rien des faits historiques. Ils sont absolument ignorants. Un exemple tr\u00e8s frappant: en 2005 dans le cadre d&rsquo;une campagne men\u00e9e par un ambassadeur \u00e0 la retraite et le CHP, le parti populaire pseudo-social r\u00e9publicain du peuple, tous les membres du Parlement turc, incluant les d\u00e9put\u00e9s du parti au pouvoir et tous les partis de l&rsquo;opposition, ont sign\u00e9 une lettre au Parlement britannique demandant la d\u00e9nonciation et le retrait du Livre Bleu publi\u00e9 en 1916 par le minist\u00e8re britannique des Affaires \u00e9trang\u00e8res, une compilation des premiers t\u00e9moins oculaires du g\u00e9nocide des Arm\u00e9niens. Ils \u00e9taient environ 500 d\u00e9put\u00e9s, d\u00e9clarant que les t\u00e9moignages n&rsquo;\u00e9taient que des fabrications. Mais aucun d&rsquo;entre eux n&rsquo;avait vu ne serait-ce que la couverture du livre! Car il n\u2019\u00e9tait pas publi\u00e9 en turc et peu de parlementaires turcs ma\u00eetrisent l&rsquo;anglais. Donc, ils ne savaient rien de l&rsquo;ouvrage, mais ils ont fait valoir que tout son contenu \u00e9tait faux! De la fabrication!<\/p>\n<p style=\"text-align: justify;\"><strong>Comment pensez-vous que la soci\u00e9t\u00e9 turque va \u00e9voluer \u00e0 l&rsquo;approche de 2015?<\/strong><\/p>\n<p style=\"text-align: justify;\">Comme je l&rsquo;ai dit dans mes r\u00e9ponses pr\u00e9c\u00e9dentes, je ne m&rsquo;attends pas \u00e0 une am\u00e9lioration dans l&rsquo;\u00e9tat actuel des choses en Turquie en ce qui concerne la reconnaissance du g\u00e9nocide des Arm\u00e9niens. Toutefois, le nombre de personnes qui sont dans le processus d&rsquo;apprentissage de la v\u00e9rit\u00e9 est en constante augmentation de jour en jour. Les provinces kurdes et les Kurdes sont en avance sur leurs homologues turcs.<\/p>\n<p style=\"text-align: justify;\"><strong>Comment la diaspora arm\u00e9nienne peut vous aider dans votre combat pour la reconnaissance du g\u00e9nocide?<\/strong><\/p>\n<p style=\"text-align: justify;\">Nous savons que la diaspora arm\u00e9nienne n&rsquo;est pas monolithique, au contraire, elle est aussi diverse que toute entit\u00e9 sociale collective. Toutefois, il est un \u00e9l\u00e9ment fondamental, indispensable au droit fondamental humain partag\u00e9 par tous les Arm\u00e9niens \u00e0 travers le monde: exiger la reconnaissance du g\u00e9nocide des Arm\u00e9niens et faire campagne contre le n\u00e9gationnisme. Mais en Turquie, il est de la responsabilit\u00e9 des personnes d\u00e9centes, honn\u00eates et en recherche de la v\u00e9rit\u00e9 de faire des efforts pour la reconnaissance du g\u00e9nocide des Arm\u00e9niens, des Assyriens et des Grecs et mettre fin \u00e0 son d\u00e9ni. Nous, en tant que d\u00e9fenseurs des droits humains, nous soutenons le droit de la diaspora arm\u00e9nienne de demander la reconnaissance du g\u00e9nocide et son droit de faire campagne contre le n\u00e9gationnisme. Les efforts de la diaspora arm\u00e9nienne peut bien s\u00fbr contribuer indirectement \u00e0 influencer favorablement les efforts de la Turquie pour d\u00e9couvrir les faits cach\u00e9s et sensibiliser le public en ce qui concerne la v\u00e9ritable histoire des Arm\u00e9niens dans ce pays. Personnellement, les diverses campagnes de la diaspora arm\u00e9nienne et ses efforts m&rsquo;ont beaucoup inspir\u00e9 dans mon activisme en faveur des droits humains en Turquie pour la reconnaissance du g\u00e9nocide des Arm\u00e9niens.<\/p>\n<p style=\"text-align: justify;\"><strong>Pensez-vous qu&rsquo;un web site en langue turque, reprenant l&rsquo;historique des \u00e9v\u00e8nements de 1915 serait une fa\u00e7on d&rsquo;ouvrir plus rapidement la br\u00e8che dont vous parlez quant \u00e0 la reconnaissance du g\u00e9nocide?<\/strong><\/p>\n<p style=\"text-align: justify;\">Oui, ce serait tr\u00e8s utile. Des \u0153uvres tr\u00e8s pr\u00e9cieuses, des articles, des \u00e9tudes universitaires sont publi\u00e9s sur Internet dans divers sites Web. Mais un site web consacr\u00e9 \u00e0 cet effet aiderait beaucoup. Ce devrait \u00eatre un projet \u00e0 mettre en \u0153uvre \u00e0 un moment o\u00f9 chaque jour nous rapproche un peu plus de la 100e comm\u00e9moration du g\u00e9nocide des Arm\u00e9niens.<\/p>\n<p>&nbsp;<\/p>\n","protected":false},"excerpt":{"rendered":"<div class=\"mh-excerpt\"><p>Le 27 avril 2012 L&rsquo;Armenian Council of Europe a invit\u00e9 Ayse Gunaysu, repr\u00e9sentante de l&rsquo;Association des Droits de l&rsquo;homme \u00e0 Istanbul, et Ara Sarafian, historien, Pr\u00e9sident de l&rsquo;Institut Komitas \u00e0 Londres, pour <a class=\"mh-excerpt-more\" href=\"https:\/\/www.armeniancouncil.com\/Europe\/conference-avec-ayse-gunaysu-representante-de-lassociation-des-droits-de-lhomme-a-istanbul\/\" title=\"Conf\u00e9rence avec Ayse Gunaysu et Ara Sarafian: Repr\u00e9sentante de l&rsquo;Association des Droits de l&rsquo;Homme \u00e0 Istanbul\">[&#8230;]<\/a><\/p>\n<\/div>","protected":false},"author":1,"featured_media":114,"comment_status":"open","ping_status":"closed","sticky":false,"template":"","format":"standard","meta":[],"categories":[1],"tags":[],"_links":{"self":[{"href":"https:\/\/www.armeniancouncil.com\/Europe\/wp-json\/wp\/v2\/posts\/111"}],"collection":[{"href":"https:\/\/www.armeniancouncil.com\/Europe\/wp-json\/wp\/v2\/posts"}],"about":[{"href":"https:\/\/www.armeniancouncil.com\/Europe\/wp-json\/wp\/v2\/types\/post"}],"author":[{"embeddable":true,"href":"https:\/\/www.armeniancouncil.com\/Europe\/wp-json\/wp\/v2\/users\/1"}],"replies":[{"embeddable":true,"href":"https:\/\/www.armeniancouncil.com\/Europe\/wp-json\/wp\/v2\/comments?post=111"}],"version-history":[{"count":14,"href":"https:\/\/www.armeniancouncil.com\/Europe\/wp-json\/wp\/v2\/posts\/111\/revisions"}],"predecessor-version":[{"id":1115,"href":"https:\/\/www.armeniancouncil.com\/Europe\/wp-json\/wp\/v2\/posts\/111\/revisions\/1115"}],"wp:featuredmedia":[{"embeddable":true,"href":"https:\/\/www.armeniancouncil.com\/Europe\/wp-json\/wp\/v2\/media\/114"}],"wp:attachment":[{"href":"https:\/\/www.armeniancouncil.com\/Europe\/wp-json\/wp\/v2\/media?parent=111"}],"wp:term":[{"taxonomy":"category","embeddable":true,"href":"https:\/\/www.armeniancouncil.com\/Europe\/wp-json\/wp\/v2\/categories?post=111"},{"taxonomy":"post_tag","embeddable":true,"href":"https:\/\/www.armeniancouncil.com\/Europe\/wp-json\/wp\/v2\/tags?post=111"}],"curies":[{"name":"wp","href":"https:\/\/api.w.org\/{rel}","templated":true}]}}